{"id":1411,"date":"2019-04-13T17:40:01","date_gmt":"2019-04-13T17:40:01","guid":{"rendered":"http:\/\/canadafirst.nfshost.com\/?p=1411"},"modified":"2019-04-13T17:40:01","modified_gmt":"2019-04-13T17:40:01","slug":"les-anti-parlementaires-sont-ceux-qui-muselent","status":"publish","type":"post","link":"https:\/\/canadafirst.nfshost.com\/?p=1411","title":{"rendered":"Les anti-parlementaires sont ceux qui muselent"},"content":{"rendered":"<table class=\"m_71115478706169565mcnImageBlock\" border=\"0\" width=\"100%\" cellspacing=\"0\" cellpadding=\"0\">\n<tbody class=\"m_71115478706169565mcnImageBlockOuter\">\n<tr>\n<td class=\"m_71115478706169565mcnImageBlockInner\" valign=\"top\">\n<table class=\"m_71115478706169565mcnImageContentContainer\" border=\"0\" width=\"100%\" cellspacing=\"0\" cellpadding=\"0\" align=\"left\">\n<tbody>\n<tr>\n<td class=\"m_71115478706169565mcnImageContent\" valign=\"top\"><a title=\"\" href=\"https:\/\/quebecoisdesouche.us11.list-manage.com\/track\/click?u=a8e64ec9ac11d5c36bdaab2c3&amp;id=4b6c56b04e&amp;e=55188f587b\" target=\"_blank\" data-saferedirecturl=\"https:\/\/www.google.com\/url?q=https:\/\/quebecoisdesouche.us11.list-manage.com\/track\/click?u%3Da8e64ec9ac11d5c36bdaab2c3%26id%3D4b6c56b04e%26e%3D55188f587b&amp;source=gmail&amp;ust=1555263381899000&amp;usg=AFQjCNEznwbL3Tv-m8oq5tBd2bt7P6SMLg\"><img decoding=\"async\" class=\"m_71115478706169565mcnImage CToWUd\" src=\"https:\/\/ci3.googleusercontent.com\/proxy\/AON95RefZkt3wXCk-34Wemry3Bxw2UrcOhqlsq3WtG5p7ldQkqPVKE_v6czm5HO-_XQJTMjysr_5r_4JXDCglIWNekuEnwpFE_alFSt-p7V96l-GbVXZecEXUoG0nUzlaPSwfuq6-q-IYWzOfnFxghfaMAu8R-l2m40=s0-d-e1-ft#https:\/\/gallery.mailchimp.com\/a8e64ec9ac11d5c36bdaab2c3\/images\/31698b13-f9c4-476b-8563-c12c21e27062.jpg\" alt=\"\" width=\"564\" align=\"center\" \/><\/a><\/td>\n<\/tr>\n<\/tbody>\n<\/table>\n<\/td>\n<\/tr>\n<\/tbody>\n<\/table>\n<table class=\"m_71115478706169565mcnTextBlock\" border=\"0\" width=\"100%\" cellspacing=\"0\" cellpadding=\"0\">\n<tbody class=\"m_71115478706169565mcnTextBlockOuter\">\n<tr>\n<td class=\"m_71115478706169565mcnTextBlockInner\" valign=\"top\">\n<table class=\"m_71115478706169565mcnTextContentContainer\" border=\"0\" width=\"100%\" cellspacing=\"0\" cellpadding=\"0\" align=\"left\">\n<tbody>\n<tr>\n<td class=\"m_71115478706169565mcnTextContent\" valign=\"top\">\n<div>\n<p>La F\u00e9d\u00e9ration des Qu\u00e9b\u00e9cois de souche tient \u00e0 faire part de son indignation suite au retrait du m\u00e9moire d\u00e9pos\u00e9 concernant le projet de loi n\u00b0 9, Loi visant \u00e0 accro\u00eetre la prosp\u00e9rit\u00e9 socio-\u00e9conomique du Qu\u00e9bec et \u00e0 r\u00e9pondre ad\u00e9quatement aux besoins du march\u00e9 du travail par une int\u00e9gration r\u00e9ussie des personnes immigrantes. Il a \u00e9t\u00e9 r\u00e9v\u00e9l\u00e9 que le m\u00e9moire fut retir\u00e9 pour des propos antiparlementaires, soit la r\u00e9f\u00e9rence au droit de la nation qu\u00e9b\u00e9coise \u00ab\u00a0de conserver son identit\u00e9\u00a0\u00bb. La valeur des points soulev\u00e9s par le document ne fut jamais discut\u00e9e. Sans m\u00eame l\u2019avoir lu, les partis vot\u00e8rent \u00e0 l\u2019unanimit\u00e9 pour son retrait, ce qui est une premi\u00e8re historique au Qu\u00e9bec.<\/p>\n<p>Ce genre de censure d\u00e9montre l\u2019aspect totalitaire du Parlement. Avant m\u00eame d\u2019\u00e9valuer certaines id\u00e9es, partag\u00e9es par un grand nombre de Qu\u00e9b\u00e9cois si l\u2019on se fie aux sondages, elles \u00e9taient jug\u00e9es non-conformes. Le d\u00e9bat \u00e9tait refus\u00e9 au sein m\u00eame du si\u00e8ge de la \u00ab\u00a0d\u00e9mocratie\u00a0\u00bb au Qu\u00e9bec, le Parlement qui devrait \u00eatre un lieu de confrontation d\u2019id\u00e9es. Ce triste \u00e9pisode n\u2019est certes pas sans rappeler l\u2019Affaire Michaud. Nous exigeons, non seulement que le m\u00e9moire soit lu et discut\u00e9, mais des excuses des censeurs qui ne sont pas cens\u00e9s imposer leurs id\u00e9es au peuple, mais se faire la voix de ce peuple qu\u2019ils disent repr\u00e9senter.<\/p>\n<p>F\u00e9d\u00e9ration des Qu\u00e9b\u00e9cois de souche<br \/>\nPour la reconqu\u00eate de notre peuple<\/p>\n<\/div>\n<\/td>\n<\/tr>\n<\/tbody>\n<\/table>\n<\/td>\n<\/tr>\n<\/tbody>\n<\/table>\n","protected":false},"excerpt":{"rendered":"<p>La F\u00e9d\u00e9ration des Qu\u00e9b\u00e9cois de souche tient \u00e0 faire part de son indignation suite au retrait du m\u00e9moire d\u00e9pos\u00e9 concernant le projet de loi n\u00b0 9, Loi visant \u00e0 accro\u00eetre la prosp\u00e9rit\u00e9 socio-\u00e9conomique du Qu\u00e9bec et \u00e0 r\u00e9pondre ad\u00e9quatement aux besoins du march\u00e9 du travail par une int\u00e9gration r\u00e9ussie des personnes immigrantes. Il a \u00e9t\u00e9 [&hellip;]<\/p>\n","protected":false},"author":1,"featured_media":0,"comment_status":"closed","ping_status":"closed","sticky":false,"template":"","format":"standard","meta":{"footnotes":""},"categories":[1],"tags":[1097,1098],"_links":{"self":[{"href":"https:\/\/canadafirst.nfshost.com\/index.php?rest_route=\/wp\/v2\/posts\/1411"}],"collection":[{"href":"https:\/\/canadafirst.nfshost.com\/index.php?rest_route=\/wp\/v2\/posts"}],"about":[{"href":"https:\/\/canadafirst.nfshost.com\/index.php?rest_route=\/wp\/v2\/types\/post"}],"author":[{"embeddable":true,"href":"https:\/\/canadafirst.nfshost.com\/index.php?rest_route=\/wp\/v2\/users\/1"}],"replies":[{"embeddable":true,"href":"https:\/\/canadafirst.nfshost.com\/index.php?rest_route=%2Fwp%2Fv2%2Fcomments&post=1411"}],"version-history":[{"count":1,"href":"https:\/\/canadafirst.nfshost.com\/index.php?rest_route=\/wp\/v2\/posts\/1411\/revisions"}],"predecessor-version":[{"id":1412,"href":"https:\/\/canadafirst.nfshost.com\/index.php?rest_route=\/wp\/v2\/posts\/1411\/revisions\/1412"}],"wp:attachment":[{"href":"https:\/\/canadafirst.nfshost.com\/index.php?rest_route=%2Fwp%2Fv2%2Fmedia&parent=1411"}],"wp:term":[{"taxonomy":"category","embeddable":true,"href":"https:\/\/canadafirst.nfshost.com\/index.php?rest_route=%2Fwp%2Fv2%2Fcategories&post=1411"},{"taxonomy":"post_tag","embeddable":true,"href":"https:\/\/canadafirst.nfshost.com\/index.php?rest_route=%2Fwp%2Fv2%2Ftags&post=1411"}],"curies":[{"name":"wp","href":"https:\/\/api.w.org\/{rel}","templated":true}]}}